{"id":997,"date":"2015-10-23T13:16:32","date_gmt":"2015-10-23T12:16:32","guid":{"rendered":"http:\/\/www.nordic-dogs.ch\/?p=997"},"modified":"2019-09-23T09:41:02","modified_gmt":"2019-09-23T08:41:02","slug":"schilddruesenunterfunktion-numee","status":"publish","type":"post","link":"https:\/\/www.uss-rattler.ch\/nordic-dogs\/?p=997","title":{"rendered":"Schilddr\u00fcsenunterfunktion &#8211; Numee"},"content":{"rendered":"<p>Bei unserer Numee (wird im Dezember 10 Jahre alt) wurde eine Schilddr\u00fcsenunterfunktion diagnostiziert.<\/p>\n<p>Sie hatte ein paar Stellen am Bein und unterhalb der Unterlippe. Zuerst sah es aus, als sei sie da einfach nur schmutzig. Aber schon recht rasch hab ich gesehen, dass das Stellen sind und habe daher einen Termin bei unserem Tierarzt ausgemacht.<br \/>\nAbtastung der Schilddr\u00fcsen und eine Blutuntersuchung haben eine Schilddr\u00fcsenunterfunktion ergeben.<\/p>\n<p>M\u00f6glicherweise haben wir das recht fr\u00fch entdeckt, denn sie hatte wirklich nur die Hautstellen als Symptom, aber weder \u00dcbergewicht noch M\u00fcdigkeit, die auch symptomatisch w\u00e4ren.<br \/>\nJetzt bekommt sie Forthyron, wobei wir nun erstmal ausprobieren m\u00fcssen, welches die richtige Menge f\u00fcr sie ist.<\/p>\n<p>Menno, erst Osteoporose und nun das, da hat die arme Maus echt ins genetische Klo gegriffen\u00a0<img decoding=\"async\" src=\"http:\/\/www.galae-rihanna.com\/forum\/images\/smilies\/frown.gif\" alt=\":(\" \/><\/p>\n<p>&nbsp;<\/p>\n<p><a href=\"http:\/\/www.nordic-dogs.ch\/wp-content\/uploads\/forthyron400.jpg\"><img loading=\"lazy\" decoding=\"async\" class=\"aligncenter size-full wp-image-998\" src=\"http:\/\/www.nordic-dogs.ch\/wp-content\/uploads\/forthyron400.jpg\" alt=\"forthyron400\" width=\"382\" height=\"310\" srcset=\"https:\/\/www.uss-rattler.ch\/nordic-dogs\/wp-content\/uploads\/forthyron400.jpg 382w, https:\/\/www.uss-rattler.ch\/nordic-dogs\/wp-content\/uploads\/forthyron400-300x243.jpg 300w\" sizes=\"auto, (max-width: 382px) 100vw, 382px\" \/><\/a><\/p>\n","protected":false},"excerpt":{"rendered":"<p>Bei unserer Numee (wird im Dezember 10 Jahre alt) wurde eine Schilddr\u00fcsenunterfunktion diagnostiziert. Sie hatte ein paar Stellen am Bein und unterhalb der Unterlippe. Zuerst sah es aus, als sei sie da einfach nur schmutzig. Aber schon recht rasch hab &hellip; <a href=\"https:\/\/www.uss-rattler.ch\/nordic-dogs\/?p=997\">Weiterlesen <span class=\"meta-nav\">&rarr;<\/span><\/a><\/p>\n","protected":false},"author":1,"featured_media":0,"comment_status":"closed","ping_status":"open","sticky":false,"template":"","format":"standard","meta":{"footnotes":""},"categories":[215],"tags":[482,479,65,483],"class_list":["post-997","post","type-post","status-publish","format-standard","hentry","category-gesundheit","tag-forthyron","tag-husky","tag-numee","tag-schilddruesenunterfunktion"],"_links":{"self":[{"href":"https:\/\/www.uss-rattler.ch\/nordic-dogs\/index.php?rest_route=\/wp\/v2\/posts\/997","targetHints":{"allow":["GET"]}}],"collection":[{"href":"https:\/\/www.uss-rattler.ch\/nordic-dogs\/index.php?rest_route=\/wp\/v2\/posts"}],"about":[{"href":"https:\/\/www.uss-rattler.ch\/nordic-dogs\/index.php?rest_route=\/wp\/v2\/types\/post"}],"author":[{"embeddable":true,"href":"https:\/\/www.uss-rattler.ch\/nordic-dogs\/index.php?rest_route=\/wp\/v2\/users\/1"}],"replies":[{"embeddable":true,"href":"https:\/\/www.uss-rattler.ch\/nordic-dogs\/index.php?rest_route=%2Fwp%2Fv2%2Fcomments&post=997"}],"version-history":[{"count":2,"href":"https:\/\/www.uss-rattler.ch\/nordic-dogs\/index.php?rest_route=\/wp\/v2\/posts\/997\/revisions"}],"predecessor-version":[{"id":1000,"href":"https:\/\/www.uss-rattler.ch\/nordic-dogs\/index.php?rest_route=\/wp\/v2\/posts\/997\/revisions\/1000"}],"wp:attachment":[{"href":"https:\/\/www.uss-rattler.ch\/nordic-dogs\/index.php?rest_route=%2Fwp%2Fv2%2Fmedia&parent=997"}],"wp:term":[{"taxonomy":"category","embeddable":true,"href":"https:\/\/www.uss-rattler.ch\/nordic-dogs\/index.php?rest_route=%2Fwp%2Fv2%2Fcategories&post=997"},{"taxonomy":"post_tag","embeddable":true,"href":"https:\/\/www.uss-rattler.ch\/nordic-dogs\/index.php?rest_route=%2Fwp%2Fv2%2Ftags&post=997"}],"curies":[{"name":"wp","href":"https:\/\/api.w.org\/{rel}","templated":true}]}}