{"id":94,"date":"2011-10-05T13:13:23","date_gmt":"2011-10-05T13:13:23","guid":{"rendered":"http:\/\/www.nordic-dogs.ch\/?p=94"},"modified":"2011-10-05T13:13:23","modified_gmt":"2011-10-05T13:13:23","slug":"hermelin-oder-was","status":"publish","type":"post","link":"https:\/\/www.uss-rattler.ch\/nordic-dogs\/?p=94","title":{"rendered":"Hermelin oder was?"},"content":{"rendered":"<div>\n<h2>Hermelin oder was?<\/h2>\n<div>\n<div id=\"post_message_21509\">\n<blockquote><p>Da geh ich mit meinen beiden Grazien bei 16\u00b0C in Hemds\u00e4rmeln Gassi und was seh ich da?<\/p>\n<p>Ein kleines Mardertier was sich wie ein Erdm\u00e4nnchen aufrichtet und sich neugierig umguckt. Mitten auf dem Weg.<br \/>\nSein Fell knallbraun mit einem sch\u00f6nen wei\u00dfen Latz und Bauch. Naja, bin nicht so ganz fit im Bestimmen von Wildtieren, nen Fuchs erkenn ich gerade noch, aber welcher Marder da gerade vor uns hockt wei\u00df ich dann doch nicht.<br \/>\nWieder retour von unserer sonnigen Runde hab ich dann mal Wikipedia befragt und das einzige Mardertier, da\u00df auf genau diese Beschreibung pa\u00dft ist der Hermelin.<\/p>\n<p>Au\u00dferdem trollte sich noch ein Fuchs \u00fcbern Weg, v\u00f6llig ungew\u00f6hnlich um diese Uhrzeit, sind ja eher d\u00e4mmerungs- und nachtaktiv.<\/p>\n<p>Gesehen und auch geh\u00f6rt habe ich so generell hier beim Gassigehen: Milan, Bussard, Kr\u00e4hen, Goldammer, Feldlerche, Spatzen, Schwalben, Mauersegler, Graureiher und Kuhreiher (von dem ich immer annahm, da\u00df der sich nur in \u00c4quartorn\u00e4he rumtreibt). Also so rein wildlife nant\u00fcrlich. Hier leben au\u00dferdem auch Pferde, Schafe, Rinder, H\u00fchner und Enten bei den Bauern auf den H\u00f6fen. Schweine allerdings leider nur indoor&#8230;<\/p><\/blockquote>\n<\/div>\n<\/div>\n<\/div>\n","protected":false},"excerpt":{"rendered":"<p>Hermelin oder was? Da geh ich mit meinen beiden Grazien bei 16\u00b0C in Hemds\u00e4rmeln Gassi und was seh ich da? Ein kleines Mardertier was sich wie ein Erdm\u00e4nnchen aufrichtet und sich neugierig umguckt. Mitten auf dem Weg. Sein Fell knallbraun &hellip; <a href=\"https:\/\/www.uss-rattler.ch\/nordic-dogs\/?p=94\">Weiterlesen <span class=\"meta-nav\">&rarr;<\/span><\/a><\/p>\n","protected":false},"author":1,"featured_media":0,"comment_status":"closed","ping_status":"open","sticky":false,"template":"","format":"standard","meta":{"footnotes":""},"categories":[54],"tags":[59,61,58,62,60],"class_list":["post-94","post","type-post","status-publish","format-standard","hentry","category-gassirunde","tag-bussard","tag-fuchs","tag-hermelin","tag-marder","tag-milan"],"_links":{"self":[{"href":"https:\/\/www.uss-rattler.ch\/nordic-dogs\/index.php?rest_route=\/wp\/v2\/posts\/94","targetHints":{"allow":["GET"]}}],"collection":[{"href":"https:\/\/www.uss-rattler.ch\/nordic-dogs\/index.php?rest_route=\/wp\/v2\/posts"}],"about":[{"href":"https:\/\/www.uss-rattler.ch\/nordic-dogs\/index.php?rest_route=\/wp\/v2\/types\/post"}],"author":[{"embeddable":true,"href":"https:\/\/www.uss-rattler.ch\/nordic-dogs\/index.php?rest_route=\/wp\/v2\/users\/1"}],"replies":[{"embeddable":true,"href":"https:\/\/www.uss-rattler.ch\/nordic-dogs\/index.php?rest_route=%2Fwp%2Fv2%2Fcomments&post=94"}],"version-history":[{"count":1,"href":"https:\/\/www.uss-rattler.ch\/nordic-dogs\/index.php?rest_route=\/wp\/v2\/posts\/94\/revisions"}],"predecessor-version":[{"id":95,"href":"https:\/\/www.uss-rattler.ch\/nordic-dogs\/index.php?rest_route=\/wp\/v2\/posts\/94\/revisions\/95"}],"wp:attachment":[{"href":"https:\/\/www.uss-rattler.ch\/nordic-dogs\/index.php?rest_route=%2Fwp%2Fv2%2Fmedia&parent=94"}],"wp:term":[{"taxonomy":"category","embeddable":true,"href":"https:\/\/www.uss-rattler.ch\/nordic-dogs\/index.php?rest_route=%2Fwp%2Fv2%2Fcategories&post=94"},{"taxonomy":"post_tag","embeddable":true,"href":"https:\/\/www.uss-rattler.ch\/nordic-dogs\/index.php?rest_route=%2Fwp%2Fv2%2Ftags&post=94"}],"curies":[{"name":"wp","href":"https:\/\/api.w.org\/{rel}","templated":true}]}}