{"id":57,"date":"2011-10-04T13:47:26","date_gmt":"2011-10-04T12:47:26","guid":{"rendered":"http:\/\/www.nordic-dogs.ch\/?p=57"},"modified":"2019-10-12T23:29:58","modified_gmt":"2019-10-12T22:29:58","slug":"fahrradvelo","status":"publish","type":"post","link":"https:\/\/www.uss-rattler.ch\/nordic-dogs\/?p=57","title":{"rendered":"Fahrrad\/Velo"},"content":{"rendered":"<p>Man kann seine Hunde auch vor ein Fahrrad spannen, vorzugsweise sind gel\u00e4ndeg\u00e4ngige Modelle zu verwenden, da sie zum einen die Belastung auf holprigen Wegen besser stand halten und zum anderen weil ihre Gabel gefedert ist, das f\u00fchrt zu erh\u00f6htem Fahrkomfort.<\/p>\n<p>F\u00fcr ein bis zwei Hunde, Hunde werden offen, also mit Zugleine, angespannt.<\/p>\n<p>&nbsp;<\/p>\n<p><a href=\"http:\/\/www.nordic-dogs.ch\/wp-content\/uploads\/fahrrad.jpg\"><img loading=\"lazy\" decoding=\"async\" class=\"aligncenter size-full wp-image-58\" title=\"fahrrad\" src=\"http:\/\/www.nordic-dogs.ch\/wp-content\/uploads\/fahrrad.jpg\" alt=\"\" width=\"800\" height=\"712\" srcset=\"https:\/\/www.uss-rattler.ch\/nordic-dogs\/wp-content\/uploads\/fahrrad.jpg 800w, https:\/\/www.uss-rattler.ch\/nordic-dogs\/wp-content\/uploads\/fahrrad-300x267.jpg 300w\" sizes=\"auto, (max-width: 800px) 100vw, 800px\" \/><\/a><\/p>\n<p>&nbsp;<\/p>\n<p>Genau wie beim Roller\/Scooter auch, sollte die Leine mittels einer Leinenf\u00fchrung \u00fcber das Vorderrad gef\u00fchrt werden, damit die Leine sich bei Zugverlust nicht um das Vorderrad wickeln kann.<\/p>\n<p>&nbsp;<\/p>\n<p><a href=\"http:\/\/www.nordic-dogs.ch\/wp-content\/uploads\/leinenfuehrung.jpg\"><img loading=\"lazy\" decoding=\"async\" class=\"aligncenter size-full wp-image-59\" title=\"leinenfuehrung\" src=\"http:\/\/www.nordic-dogs.ch\/wp-content\/uploads\/leinenfuehrung.jpg\" alt=\"\" width=\"800\" height=\"332\" srcset=\"https:\/\/www.uss-rattler.ch\/nordic-dogs\/wp-content\/uploads\/leinenfuehrung.jpg 800w, https:\/\/www.uss-rattler.ch\/nordic-dogs\/wp-content\/uploads\/leinenfuehrung-300x124.jpg 300w\" sizes=\"auto, (max-width: 800px) 100vw, 800px\" \/><\/a><\/p>\n","protected":false},"excerpt":{"rendered":"<p>Man kann seine Hunde auch vor ein Fahrrad spannen, vorzugsweise sind gel\u00e4ndeg\u00e4ngige Modelle zu verwenden, da sie zum einen die Belastung auf holprigen Wegen besser stand halten und zum anderen weil ihre Gabel gefedert ist, das f\u00fchrt zu erh\u00f6htem Fahrkomfort. &hellip; <a href=\"https:\/\/www.uss-rattler.ch\/nordic-dogs\/?p=57\">Weiterlesen <span class=\"meta-nav\">&rarr;<\/span><\/a><\/p>\n","protected":false},"author":1,"featured_media":0,"comment_status":"closed","ping_status":"open","sticky":false,"template":"","format":"standard","meta":{"footnotes":""},"categories":[6],"tags":[30,33,479,32,24,31],"class_list":["post-57","post","type-post","status-publish","format-standard","hentry","category-zughunde-fahrzeuge","tag-fahrrad","tag-federgabel","tag-husky","tag-leinenfuhrung","tag-musher","tag-velo"],"_links":{"self":[{"href":"https:\/\/www.uss-rattler.ch\/nordic-dogs\/index.php?rest_route=\/wp\/v2\/posts\/57","targetHints":{"allow":["GET"]}}],"collection":[{"href":"https:\/\/www.uss-rattler.ch\/nordic-dogs\/index.php?rest_route=\/wp\/v2\/posts"}],"about":[{"href":"https:\/\/www.uss-rattler.ch\/nordic-dogs\/index.php?rest_route=\/wp\/v2\/types\/post"}],"author":[{"embeddable":true,"href":"https:\/\/www.uss-rattler.ch\/nordic-dogs\/index.php?rest_route=\/wp\/v2\/users\/1"}],"replies":[{"embeddable":true,"href":"https:\/\/www.uss-rattler.ch\/nordic-dogs\/index.php?rest_route=%2Fwp%2Fv2%2Fcomments&post=57"}],"version-history":[{"count":1,"href":"https:\/\/www.uss-rattler.ch\/nordic-dogs\/index.php?rest_route=\/wp\/v2\/posts\/57\/revisions"}],"predecessor-version":[{"id":60,"href":"https:\/\/www.uss-rattler.ch\/nordic-dogs\/index.php?rest_route=\/wp\/v2\/posts\/57\/revisions\/60"}],"wp:attachment":[{"href":"https:\/\/www.uss-rattler.ch\/nordic-dogs\/index.php?rest_route=%2Fwp%2Fv2%2Fmedia&parent=57"}],"wp:term":[{"taxonomy":"category","embeddable":true,"href":"https:\/\/www.uss-rattler.ch\/nordic-dogs\/index.php?rest_route=%2Fwp%2Fv2%2Fcategories&post=57"},{"taxonomy":"post_tag","embeddable":true,"href":"https:\/\/www.uss-rattler.ch\/nordic-dogs\/index.php?rest_route=%2Fwp%2Fv2%2Ftags&post=57"}],"curies":[{"name":"wp","href":"https:\/\/api.w.org\/{rel}","templated":true}]}}