{"id":170,"date":"2011-10-05T14:05:18","date_gmt":"2011-10-05T14:05:18","guid":{"rendered":"http:\/\/www.nordic-dogs.ch\/?p=170"},"modified":"2011-10-05T14:05:33","modified_gmt":"2011-10-05T14:05:33","slug":"krahentaktik","status":"publish","type":"post","link":"https:\/\/www.uss-rattler.ch\/nordic-dogs\/?p=170","title":{"rendered":"Kr\u00e4hentaktik"},"content":{"rendered":"<p>05.10.2011<\/p>\n<p>&nbsp;<\/p>\n<p>F\u00fcr Oktober ist es angenehm warm. 22\u00b0C zeigt das Au\u00dfenthermometer, leichter Wind, w\u00e4rmende Sonnenstrahlen und hier und da ein W\u00f6lkchen am blauen Himmel. Kurz, ein perfekter Tag f\u00fcr eine sch\u00f6ne Gassirunde.<\/p>\n<p>&nbsp;<\/p>\n<p>Unterwegs sehen und h\u00f6ren wir immer viele Tiere und wenn die Thermik stimmt, steigen die Bussarde in die H\u00f6he und Milane kreisen. Heute hab ich allerdings eine der unz\u00e4hligen Kr\u00e4hen hier beobachtet. Sie hatte eine Haselnuss oder eine Eichel im Schnabel, so genau konnte ich das nicht erkennen. Diese Nuss lie\u00df sie von ca. 5 &#8211; 10 Metern auf den Asphaltweg fallen, dann landete sie bei der Nu\u00df, be\u00e4ugte diese und nahm sie wieder in den Schnabel, flatterte auf und lie\u00df die Nuss wieder fallen. Das wiederholte sie einige Male, geschickt nahm sie die Nuss in den Schnabel und w\u00e4hrend des Fluges nahm sie die Nuss mit einem ihrer F\u00fc\u00dfe aus dem Schnabel heraus, um diese dann fallen zu lassen. Das Ziel war nat\u00fcrlich, da\u00df die Nuss kapuutgeht, damit sie an deren k\u00f6stlichen Inhalt gelange. Nach einigen Versuchen wurden andere Kr\u00e4hen auf das Treiben aufmerksam und versuchten nun &#8222;meiner&#8220; Kr\u00e4he, die Nuss abzujagen. Es folgten atemberaubende Flugman\u00f6ver in geringer H\u00f6he zwischen Obstb\u00e4umen hindurch.<\/p>\n<p>&nbsp;<\/p>\n<p>Solche Dinge zu beobachten sind besser, als alles was einem im TV oder auf der Leinwand so geboten werden kann.<\/p>\n","protected":false},"excerpt":{"rendered":"<p>05.10.2011 &nbsp; F\u00fcr Oktober ist es angenehm warm. 22\u00b0C zeigt das Au\u00dfenthermometer, leichter Wind, w\u00e4rmende Sonnenstrahlen und hier und da ein W\u00f6lkchen am blauen Himmel. Kurz, ein perfekter Tag f\u00fcr eine sch\u00f6ne Gassirunde. &nbsp; Unterwegs sehen und h\u00f6ren wir immer &hellip; <a href=\"https:\/\/www.uss-rattler.ch\/nordic-dogs\/?p=170\">Weiterlesen <span class=\"meta-nav\">&rarr;<\/span><\/a><\/p>\n","protected":false},"author":1,"featured_media":0,"comment_status":"closed","ping_status":"open","sticky":false,"template":"","format":"standard","meta":{"footnotes":""},"categories":[54],"tags":[103,105,104,102],"class_list":["post-170","post","type-post","status-publish","format-standard","hentry","category-gassirunde","tag-eichel","tag-flugmanover","tag-haselnuss","tag-krahe"],"_links":{"self":[{"href":"https:\/\/www.uss-rattler.ch\/nordic-dogs\/index.php?rest_route=\/wp\/v2\/posts\/170","targetHints":{"allow":["GET"]}}],"collection":[{"href":"https:\/\/www.uss-rattler.ch\/nordic-dogs\/index.php?rest_route=\/wp\/v2\/posts"}],"about":[{"href":"https:\/\/www.uss-rattler.ch\/nordic-dogs\/index.php?rest_route=\/wp\/v2\/types\/post"}],"author":[{"embeddable":true,"href":"https:\/\/www.uss-rattler.ch\/nordic-dogs\/index.php?rest_route=\/wp\/v2\/users\/1"}],"replies":[{"embeddable":true,"href":"https:\/\/www.uss-rattler.ch\/nordic-dogs\/index.php?rest_route=%2Fwp%2Fv2%2Fcomments&post=170"}],"version-history":[{"count":2,"href":"https:\/\/www.uss-rattler.ch\/nordic-dogs\/index.php?rest_route=\/wp\/v2\/posts\/170\/revisions"}],"predecessor-version":[{"id":172,"href":"https:\/\/www.uss-rattler.ch\/nordic-dogs\/index.php?rest_route=\/wp\/v2\/posts\/170\/revisions\/172"}],"wp:attachment":[{"href":"https:\/\/www.uss-rattler.ch\/nordic-dogs\/index.php?rest_route=%2Fwp%2Fv2%2Fmedia&parent=170"}],"wp:term":[{"taxonomy":"category","embeddable":true,"href":"https:\/\/www.uss-rattler.ch\/nordic-dogs\/index.php?rest_route=%2Fwp%2Fv2%2Fcategories&post=170"},{"taxonomy":"post_tag","embeddable":true,"href":"https:\/\/www.uss-rattler.ch\/nordic-dogs\/index.php?rest_route=%2Fwp%2Fv2%2Ftags&post=170"}],"curies":[{"name":"wp","href":"https:\/\/api.w.org\/{rel}","templated":true}]}}