{"id":1366,"date":"2018-03-09T14:10:51","date_gmt":"2018-03-09T13:10:51","guid":{"rendered":"http:\/\/www.nordic-dogs.ch\/?p=1366"},"modified":"2019-09-23T09:41:44","modified_gmt":"2019-09-23T08:41:44","slug":"svea-buddelt-nicht-mehr","status":"publish","type":"post","link":"https:\/\/www.uss-rattler.ch\/nordic-dogs\/?p=1366","title":{"rendered":"Svea buddelt nicht mehr"},"content":{"rendered":"<p>Wir kommen gerade vom Tierarzt. Ich habe seit Januar schon ein ungutes Gef\u00fchl, wie man es halt hat, wenn man schon so lange mit einem Familienmitglied zusammenlebt.<br \/>\nIhr Gangbild hat sich verschlechtert, ihre Lust am Gassi hat rapide nachgelassen, sie buddelt auch nicht mehr nach M\u00e4uschen. Der Garten ist ihr liebster Platz geworden, den sie nur ungern verl\u00e4sst. Nachts weckt sie mich mit Stresshecheln, sie hat Schmerzen. Sie kann nicht mehr ohne Hilfe ins Auto ein- oder aussteigen.<br \/>\nHeute waren wir mit ihr beim Tierarzt, wir haben einen Seniorencheck machen lassen. Organisch ist sie in einem sehr guten Zustand, aber ihre Knochen wollen nicht mehr. Die Nerven f\u00fcr die Hinterhand leiten die Signale nicht mehr weiter und das R\u00f6ntgenbild zeigt Spondylose im Brustwirbelbereich.<br \/>\nSie bekommt nun Schmerzmittel, wenn diese nicht wirken sollten oder sie die Treppe im Haus nicht mehr erklimmen kann, darf sie das Silbergeschirr anlegen.<br \/>\nWir wollen nicht, dass sie unn\u00f6tig leidet und aus eigener Erfahrung wei\u00df ich um die Schmerzen, wenn Nerven bedr\u00e4ngt werden.<br \/>\nSvea Zuckerschnute die Erste von Iswulf, wir lieben Dich.<\/p>\n<p><img loading=\"lazy\" decoding=\"async\" class=\"aligncenter size-full wp-image-1367\" src=\"http:\/\/www.nordic-dogs.ch\/wp-content\/uploads\/svea001-2.jpg\" alt=\"\" width=\"675\" height=\"800\" srcset=\"https:\/\/www.uss-rattler.ch\/nordic-dogs\/wp-content\/uploads\/svea001-2.jpg 675w, https:\/\/www.uss-rattler.ch\/nordic-dogs\/wp-content\/uploads\/svea001-2-253x300.jpg 253w\" sizes=\"auto, (max-width: 675px) 100vw, 675px\" \/><\/p>\n","protected":false},"excerpt":{"rendered":"<p>Wir kommen gerade vom Tierarzt. Ich habe seit Januar schon ein ungutes Gef\u00fchl, wie man es halt hat, wenn man schon so lange mit einem Familienmitglied zusammenlebt. Ihr Gangbild hat sich verschlechtert, ihre Lust am Gassi hat rapide nachgelassen, sie &hellip; <a href=\"https:\/\/www.uss-rattler.ch\/nordic-dogs\/?p=1366\">Weiterlesen <span class=\"meta-nav\">&rarr;<\/span><\/a><\/p>\n","protected":false},"author":1,"featured_media":0,"comment_status":"closed","ping_status":"open","sticky":false,"template":"","format":"standard","meta":{"footnotes":""},"categories":[1,55],"tags":[605,606,571,481,69],"class_list":["post-1366","post","type-post","status-publish","format-standard","hentry","category-duett-un-datt","category-tagebuch","tag-alt","tag-nerven","tag-spondylose","tag-svea","tag-tierarzt"],"_links":{"self":[{"href":"https:\/\/www.uss-rattler.ch\/nordic-dogs\/index.php?rest_route=\/wp\/v2\/posts\/1366","targetHints":{"allow":["GET"]}}],"collection":[{"href":"https:\/\/www.uss-rattler.ch\/nordic-dogs\/index.php?rest_route=\/wp\/v2\/posts"}],"about":[{"href":"https:\/\/www.uss-rattler.ch\/nordic-dogs\/index.php?rest_route=\/wp\/v2\/types\/post"}],"author":[{"embeddable":true,"href":"https:\/\/www.uss-rattler.ch\/nordic-dogs\/index.php?rest_route=\/wp\/v2\/users\/1"}],"replies":[{"embeddable":true,"href":"https:\/\/www.uss-rattler.ch\/nordic-dogs\/index.php?rest_route=%2Fwp%2Fv2%2Fcomments&post=1366"}],"version-history":[{"count":2,"href":"https:\/\/www.uss-rattler.ch\/nordic-dogs\/index.php?rest_route=\/wp\/v2\/posts\/1366\/revisions"}],"predecessor-version":[{"id":1369,"href":"https:\/\/www.uss-rattler.ch\/nordic-dogs\/index.php?rest_route=\/wp\/v2\/posts\/1366\/revisions\/1369"}],"wp:attachment":[{"href":"https:\/\/www.uss-rattler.ch\/nordic-dogs\/index.php?rest_route=%2Fwp%2Fv2%2Fmedia&parent=1366"}],"wp:term":[{"taxonomy":"category","embeddable":true,"href":"https:\/\/www.uss-rattler.ch\/nordic-dogs\/index.php?rest_route=%2Fwp%2Fv2%2Fcategories&post=1366"},{"taxonomy":"post_tag","embeddable":true,"href":"https:\/\/www.uss-rattler.ch\/nordic-dogs\/index.php?rest_route=%2Fwp%2Fv2%2Ftags&post=1366"}],"curies":[{"name":"wp","href":"https:\/\/api.w.org\/{rel}","templated":true}]}}