{"id":1308,"date":"2017-10-04T13:55:52","date_gmt":"2017-10-04T12:55:52","guid":{"rendered":"http:\/\/www.nordic-dogs.ch\/?p=1308"},"modified":"2017-10-04T13:56:33","modified_gmt":"2017-10-04T12:56:33","slug":"herbstgassi","status":"publish","type":"post","link":"https:\/\/www.uss-rattler.ch\/nordic-dogs\/?p=1308","title":{"rendered":"Herbstgassi"},"content":{"rendered":"<p>Gibt leider nur ein Bild und ein Filmchen.<br \/>\nSvea wird in drei Monaten 13 Jahre alt und ihre Kondition wird immer besser. Durch Numees Erkrankung hatten wir die Gassirunden ja sehr stark eingek\u00fcrzt. Also nicht die Anzahl der Gassig\u00e4nge, sondern die L\u00e4nge der einzelnen Gassirunden.<br \/>\nJetzt sind die Temperaturen f\u00fcr ein Huskywinterfell schon etwas angemessener und wir k\u00f6nnen die Strecken wieder in gewohnter L\u00e4nge gehen.<br \/>\nTja und wie fit Svea ist, kann man auf dem Video sehen, da hatten wir schon ungef\u00e4hr dreiviertel der Runde (ca. 5 km) hinter uns.<\/p>\n<p>Also erstmal das Herbstbildchen<br \/>\n<img loading=\"lazy\" decoding=\"async\" class=\"aligncenter size-full wp-image-1309\" src=\"http:\/\/www.nordic-dogs.ch\/wp-content\/uploads\/nd-okt2017001.jpg\" alt=\"\" width=\"1500\" height=\"810\" srcset=\"https:\/\/www.uss-rattler.ch\/nordic-dogs\/wp-content\/uploads\/nd-okt2017001.jpg 1500w, https:\/\/www.uss-rattler.ch\/nordic-dogs\/wp-content\/uploads\/nd-okt2017001-300x162.jpg 300w, https:\/\/www.uss-rattler.ch\/nordic-dogs\/wp-content\/uploads\/nd-okt2017001-768x415.jpg 768w, https:\/\/www.uss-rattler.ch\/nordic-dogs\/wp-content\/uploads\/nd-okt2017001-1024x553.jpg 1024w\" sizes=\"auto, (max-width: 1500px) 100vw, 1500px\" \/><br \/>\nDann das Filmchen<br \/>\n<iframe loading=\"lazy\" src=\"https:\/\/www.youtube.com\/embed\/ah2PpeQ9fy4\" width=\"560\" height=\"315\" frameborder=\"0\" allowfullscreen=\"allowfullscreen\"><\/iframe><\/p>\n","protected":false},"excerpt":{"rendered":"<p>Gibt leider nur ein Bild und ein Filmchen. Svea wird in drei Monaten 13 Jahre alt und ihre Kondition wird immer besser. Durch Numees Erkrankung hatten wir die Gassirunden ja sehr stark eingek\u00fcrzt. Also nicht die Anzahl der Gassig\u00e4nge, sondern &hellip; <a href=\"https:\/\/www.uss-rattler.ch\/nordic-dogs\/?p=1308\">Weiterlesen <span class=\"meta-nav\">&rarr;<\/span><\/a><\/p>\n","protected":false},"author":1,"featured_media":0,"comment_status":"closed","ping_status":"open","sticky":false,"template":"","format":"standard","meta":{"footnotes":""},"categories":[54],"tags":[149,591,481,198],"class_list":["post-1308","post","type-post","status-publish","format-standard","hentry","category-gassirunde","tag-gassi","tag-oktober-2017","tag-svea","tag-video"],"_links":{"self":[{"href":"https:\/\/www.uss-rattler.ch\/nordic-dogs\/index.php?rest_route=\/wp\/v2\/posts\/1308","targetHints":{"allow":["GET"]}}],"collection":[{"href":"https:\/\/www.uss-rattler.ch\/nordic-dogs\/index.php?rest_route=\/wp\/v2\/posts"}],"about":[{"href":"https:\/\/www.uss-rattler.ch\/nordic-dogs\/index.php?rest_route=\/wp\/v2\/types\/post"}],"author":[{"embeddable":true,"href":"https:\/\/www.uss-rattler.ch\/nordic-dogs\/index.php?rest_route=\/wp\/v2\/users\/1"}],"replies":[{"embeddable":true,"href":"https:\/\/www.uss-rattler.ch\/nordic-dogs\/index.php?rest_route=%2Fwp%2Fv2%2Fcomments&post=1308"}],"version-history":[{"count":3,"href":"https:\/\/www.uss-rattler.ch\/nordic-dogs\/index.php?rest_route=\/wp\/v2\/posts\/1308\/revisions"}],"predecessor-version":[{"id":1312,"href":"https:\/\/www.uss-rattler.ch\/nordic-dogs\/index.php?rest_route=\/wp\/v2\/posts\/1308\/revisions\/1312"}],"wp:attachment":[{"href":"https:\/\/www.uss-rattler.ch\/nordic-dogs\/index.php?rest_route=%2Fwp%2Fv2%2Fmedia&parent=1308"}],"wp:term":[{"taxonomy":"category","embeddable":true,"href":"https:\/\/www.uss-rattler.ch\/nordic-dogs\/index.php?rest_route=%2Fwp%2Fv2%2Fcategories&post=1308"},{"taxonomy":"post_tag","embeddable":true,"href":"https:\/\/www.uss-rattler.ch\/nordic-dogs\/index.php?rest_route=%2Fwp%2Fv2%2Ftags&post=1308"}],"curies":[{"name":"wp","href":"https:\/\/api.w.org\/{rel}","templated":true}]}}