{"id":1266,"date":"2017-08-06T13:01:07","date_gmt":"2017-08-06T12:01:07","guid":{"rendered":"http:\/\/www.nordic-dogs.ch\/?p=1266"},"modified":"2017-08-06T13:01:07","modified_gmt":"2017-08-06T12:01:07","slug":"neue-leuchties","status":"publish","type":"post","link":"https:\/\/www.uss-rattler.ch\/nordic-dogs\/?p=1266","title":{"rendered":"Neue Leuchties"},"content":{"rendered":"<p>Was leuchtet da in finsterer Nacht, es sind unsre Huskies, wer h\u00e4tte das gedacht.<br \/>\nIch wei\u00df zwar nicht, wie lange es schon solche Leuchthalst\u00fccher f\u00fcr Hunde gibt, aber ich habe lange nach etwas gesucht, was nicht tief und funktionslos im dichten Fell versinkt.<\/p>\n<p><img loading=\"lazy\" decoding=\"async\" class=\"aligncenter size-full wp-image-1267\" src=\"http:\/\/www.nordic-dogs.ch\/wp-content\/uploads\/nd-aug2017005.jpg\" alt=\"\" width=\"1437\" height=\"1500\" srcset=\"https:\/\/www.uss-rattler.ch\/nordic-dogs\/wp-content\/uploads\/nd-aug2017005.jpg 1437w, https:\/\/www.uss-rattler.ch\/nordic-dogs\/wp-content\/uploads\/nd-aug2017005-287x300.jpg 287w, https:\/\/www.uss-rattler.ch\/nordic-dogs\/wp-content\/uploads\/nd-aug2017005-768x802.jpg 768w, https:\/\/www.uss-rattler.ch\/nordic-dogs\/wp-content\/uploads\/nd-aug2017005-981x1024.jpg 981w\" sizes=\"auto, (max-width: 1437px) 100vw, 1437px\" \/>Okay, zur Not leuchten auch die Augen <img src=\"https:\/\/www.uss-rattler.ch\/nordic-dogs\/wp-content\/plugins\/classic-smilies\/img\/icon_wink.gif\" alt=\";)\" class=\"wp-smiley\" style=\"height: 1em; max-height: 1em;\" \/><\/p>\n<p>&nbsp;<\/p>\n","protected":false},"excerpt":{"rendered":"<p>Was leuchtet da in finsterer Nacht, es sind unsre Huskies, wer h\u00e4tte das gedacht. Ich wei\u00df zwar nicht, wie lange es schon solche Leuchthalst\u00fccher f\u00fcr Hunde gibt, aber ich habe lange nach etwas gesucht, was nicht tief und funktionslos im &hellip; <a href=\"https:\/\/www.uss-rattler.ch\/nordic-dogs\/?p=1266\">Weiterlesen <span class=\"meta-nav\">&rarr;<\/span><\/a><\/p>\n","protected":false},"author":1,"featured_media":0,"comment_status":"closed","ping_status":"open","sticky":false,"template":"","format":"standard","meta":{"footnotes":""},"categories":[54,1],"tags":[575,479,574,576,414],"class_list":["post-1266","post","type-post","status-publish","format-standard","hentry","category-gassirunde","category-duett-un-datt","tag-halstuch","tag-husky","tag-leuchtie","tag-reflektierendes-halstuch","tag-reflektor"],"_links":{"self":[{"href":"https:\/\/www.uss-rattler.ch\/nordic-dogs\/index.php?rest_route=\/wp\/v2\/posts\/1266","targetHints":{"allow":["GET"]}}],"collection":[{"href":"https:\/\/www.uss-rattler.ch\/nordic-dogs\/index.php?rest_route=\/wp\/v2\/posts"}],"about":[{"href":"https:\/\/www.uss-rattler.ch\/nordic-dogs\/index.php?rest_route=\/wp\/v2\/types\/post"}],"author":[{"embeddable":true,"href":"https:\/\/www.uss-rattler.ch\/nordic-dogs\/index.php?rest_route=\/wp\/v2\/users\/1"}],"replies":[{"embeddable":true,"href":"https:\/\/www.uss-rattler.ch\/nordic-dogs\/index.php?rest_route=%2Fwp%2Fv2%2Fcomments&post=1266"}],"version-history":[{"count":1,"href":"https:\/\/www.uss-rattler.ch\/nordic-dogs\/index.php?rest_route=\/wp\/v2\/posts\/1266\/revisions"}],"predecessor-version":[{"id":1268,"href":"https:\/\/www.uss-rattler.ch\/nordic-dogs\/index.php?rest_route=\/wp\/v2\/posts\/1266\/revisions\/1268"}],"wp:attachment":[{"href":"https:\/\/www.uss-rattler.ch\/nordic-dogs\/index.php?rest_route=%2Fwp%2Fv2%2Fmedia&parent=1266"}],"wp:term":[{"taxonomy":"category","embeddable":true,"href":"https:\/\/www.uss-rattler.ch\/nordic-dogs\/index.php?rest_route=%2Fwp%2Fv2%2Fcategories&post=1266"},{"taxonomy":"post_tag","embeddable":true,"href":"https:\/\/www.uss-rattler.ch\/nordic-dogs\/index.php?rest_route=%2Fwp%2Fv2%2Ftags&post=1266"}],"curies":[{"name":"wp","href":"https:\/\/api.w.org\/{rel}","templated":true}]}}