{"id":1230,"date":"2017-06-09T17:00:33","date_gmt":"2017-06-09T16:00:33","guid":{"rendered":"http:\/\/www.nordic-dogs.ch\/?p=1230"},"modified":"2019-09-23T20:36:23","modified_gmt":"2019-09-23T19:36:23","slug":"autobahnidylle","status":"publish","type":"post","link":"https:\/\/www.uss-rattler.ch\/nordic-dogs\/?p=1230","title":{"rendered":"Autobahnidylle"},"content":{"rendered":"<p>Bevor es zur Autboahn geht noch ein kleines Update zu Numee:<\/p>\n<p>Nach einem Gespr\u00e4ch mit der Onkologin, stimmen wir \u00fcberein, dass wir mit Numee erstmal nichts weiter machen. \u00a0Numee wird dieses Jahr 12 Jahre alt. Chemotherapie w\u00e4re f\u00fcr den Tumor bzw. Krebsart nicht wirklich n\u00f6tig und Bestrahlung bedeutet jedesmal eine Narkose. Also warten wir ab und operieren im Falle eines Falles wieder, von allen Optionen noch die schonenste M\u00f6glichkeit damit umzugehen.<\/p>\n<p>Jetzt gehts zur Autobahn, da haben wir einen bzw. zwei Schmetterlinge beobachtet und ich hab versucht, das mit dem Handy aufzunehmen. Nachstehend das bewegte Bild. <img src=\"https:\/\/www.uss-rattler.ch\/nordic-dogs\/wp-content\/plugins\/classic-smilies\/img\/icon_smile.gif\" alt=\":)\" class=\"wp-smiley\" style=\"height: 1em; max-height: 1em;\" \/><\/p>\n<p><iframe loading=\"lazy\" src=\"https:\/\/www.youtube.com\/embed\/P2YI_M_XX_c\" width=\"560\" height=\"315\" frameborder=\"0\" allowfullscreen=\"allowfullscreen\"><\/iframe><br \/>\n<img loading=\"lazy\" decoding=\"async\" class=\"aligncenter size-full wp-image-1231\" src=\"http:\/\/www.nordic-dogs.ch\/wp-content\/uploads\/mai2017002.jpg\" alt=\"\" width=\"1267\" height=\"1500\" srcset=\"https:\/\/www.uss-rattler.ch\/nordic-dogs\/wp-content\/uploads\/mai2017002.jpg 1267w, https:\/\/www.uss-rattler.ch\/nordic-dogs\/wp-content\/uploads\/mai2017002-253x300.jpg 253w, https:\/\/www.uss-rattler.ch\/nordic-dogs\/wp-content\/uploads\/mai2017002-768x909.jpg 768w, https:\/\/www.uss-rattler.ch\/nordic-dogs\/wp-content\/uploads\/mai2017002-865x1024.jpg 865w\" sizes=\"auto, (max-width: 1267px) 100vw, 1267px\" \/><\/p>\n","protected":false},"excerpt":{"rendered":"<p>Bevor es zur Autboahn geht noch ein kleines Update zu Numee: Nach einem Gespr\u00e4ch mit der Onkologin, stimmen wir \u00fcberein, dass wir mit Numee erstmal nichts weiter machen. \u00a0Numee wird dieses Jahr 12 Jahre alt. Chemotherapie w\u00e4re f\u00fcr den Tumor &hellip; <a href=\"https:\/\/www.uss-rattler.ch\/nordic-dogs\/?p=1230\">Weiterlesen <span class=\"meta-nav\">&rarr;<\/span><\/a><\/p>\n","protected":false},"author":1,"featured_media":0,"comment_status":"closed","ping_status":"open","sticky":false,"template":"","format":"standard","meta":{"footnotes":""},"categories":[54],"tags":[562,558,561],"class_list":["post-1230","post","type-post","status-publish","format-standard","hentry","category-gassirunde","tag-a7","tag-krebs","tag-schmetterling"],"_links":{"self":[{"href":"https:\/\/www.uss-rattler.ch\/nordic-dogs\/index.php?rest_route=\/wp\/v2\/posts\/1230","targetHints":{"allow":["GET"]}}],"collection":[{"href":"https:\/\/www.uss-rattler.ch\/nordic-dogs\/index.php?rest_route=\/wp\/v2\/posts"}],"about":[{"href":"https:\/\/www.uss-rattler.ch\/nordic-dogs\/index.php?rest_route=\/wp\/v2\/types\/post"}],"author":[{"embeddable":true,"href":"https:\/\/www.uss-rattler.ch\/nordic-dogs\/index.php?rest_route=\/wp\/v2\/users\/1"}],"replies":[{"embeddable":true,"href":"https:\/\/www.uss-rattler.ch\/nordic-dogs\/index.php?rest_route=%2Fwp%2Fv2%2Fcomments&post=1230"}],"version-history":[{"count":2,"href":"https:\/\/www.uss-rattler.ch\/nordic-dogs\/index.php?rest_route=\/wp\/v2\/posts\/1230\/revisions"}],"predecessor-version":[{"id":1233,"href":"https:\/\/www.uss-rattler.ch\/nordic-dogs\/index.php?rest_route=\/wp\/v2\/posts\/1230\/revisions\/1233"}],"wp:attachment":[{"href":"https:\/\/www.uss-rattler.ch\/nordic-dogs\/index.php?rest_route=%2Fwp%2Fv2%2Fmedia&parent=1230"}],"wp:term":[{"taxonomy":"category","embeddable":true,"href":"https:\/\/www.uss-rattler.ch\/nordic-dogs\/index.php?rest_route=%2Fwp%2Fv2%2Fcategories&post=1230"},{"taxonomy":"post_tag","embeddable":true,"href":"https:\/\/www.uss-rattler.ch\/nordic-dogs\/index.php?rest_route=%2Fwp%2Fv2%2Ftags&post=1230"}],"curies":[{"name":"wp","href":"https:\/\/api.w.org\/{rel}","templated":true}]}}