{"id":100,"date":"2011-10-05T13:22:13","date_gmt":"2011-10-05T13:22:13","guid":{"rendered":"http:\/\/www.nordic-dogs.ch\/?p=100"},"modified":"2011-10-05T13:47:23","modified_gmt":"2011-10-05T13:47:23","slug":"svea-zieht-bei-uns-ein","status":"publish","type":"post","link":"https:\/\/www.uss-rattler.ch\/nordic-dogs\/?p=100","title":{"rendered":"Svea zieht bei uns ein"},"content":{"rendered":"<p>Freitag, 01. April 2005<\/p>\n<p>&nbsp;<\/p>\n<p><a href=\"http:\/\/www.nordic-dogs.ch\/wp-content\/uploads\/svea001.jpg\"><img loading=\"lazy\" decoding=\"async\" class=\"aligncenter size-full wp-image-148\" title=\"svea001\" src=\"http:\/\/www.nordic-dogs.ch\/wp-content\/uploads\/svea001.jpg\" alt=\"\" width=\"215\" height=\"262\" \/><\/a><\/p>\n<p>&nbsp;<\/p>\n<p><strong><span style=\"font-size: x-large;\">Ich bin da!<\/span><\/strong><\/p>\n<p>Hallo,<\/p>\n<p>ich bin die Svea, genauer gesagt: <strong>Svea Zuckerschnute die erste Prinzessin von Iswulf.<\/strong><br \/>\nSagt zumindest mein Frauchen.<\/p>\n<p>Am 08.01.2005 bin ich in Norddeutschland geboren worden.<br \/>\nIch hatte 15 Geschwister, aber nicht alle kamen aus der gleichen Mami, wir haben nur den gleichen Papi.<br \/>\nWeil das Herrchen mit sooo vielen Huskies nicht so prima klar kam, wurden wir Welpen zur Nothilfe f\u00fcr Polarhunde gebracht.<br \/>\nUnd irgendwie wurden wir immer weniger.<br \/>\nEines Tages dann, n\u00e4mlich am 31. M\u00e4rz 2005, hat uns Frau Otter ins Auto gepackt und wir sind losgefahren. So richtig weit in Richtung S\u00fcden.<br \/>\nDa haben wir dann schick in einem Hotel \u00fcbernachtet und am n\u00e4chsten Tag sind wir noch mal ein St\u00fcck gefahren.<br \/>\nDann mu\u00dften wir umsteigen, zu v\u00f6llig fremden Leuten in ein fremdes Auto.<br \/>\nDie haben auch irgendwie so komisch gesprochen. Aber weil so viel reisen m\u00fcde macht, haben mein Halbbruder und ich ganz viel geschlafen.<br \/>\nZu meinem Halbbruder haben sie immer Aiko gesagt und zu mir Svea.<br \/>\nUnd dann endlich hielten wir wieder an und da stand da eine fremde Frau.<br \/>\nDie hat zum Gl\u00fcck genauso gesprochen wie die Frau Otter und sie hat sich gleich hingehockt, da konnte ich dann sofort unterkriechen.<br \/>\nDas Auto mit den fremden Menschen und mit meinem Halbbruder Aiko ist dann wieder weggefahren.<br \/>\nAiko kann man in meiner Galerie sehen, bei Svea and Friends.<br \/>\nTja, da war ich dann wohl bei meinem Frauchen gelandet. Ihren Geruch kannte ich schon, denn als ich und mein Halbbruder ins fremde Auto einstigen, da wurde mit ein schwarzes ledernes Halsband mit Nieten angelegt. Und das Halsband roch ganz stark nach meinem Frauchen, die hat das bestimmt immer selber angehabt.<br \/>\nAlles war so anders und so fremd, aber mein neues Frauchen hat mich einfach in Ruhe gelassen, doch ich wollte lieber immer in ihrer N\u00e4he bleiben.<\/p>\n<p>&nbsp;<\/p>\n<p>Samstag, 02. April 2005<\/p>\n<p><strong>Meine erste Nacht.<\/strong><\/p>\n<p>Sp\u00e4t abends ist mein Frauchen mit mir noch mal raus gegangen. Es war schon ganz dunkel und auch etwas k\u00fchl.<br \/>\nAlles war sooo fremd und am liebsten h\u00e4tte ich mich verkrochen. Ich hab auch immer versucht, zwischen den Beinen meines Frauchens zu laufen, aber irgendwie ging das nicht. Sie hat ihr F\u00fc\u00dfe immer eng zusammen gehalten.<br \/>\nNaja, denn eben nicht, sie war ja eh immer bei mir.<br \/>\nAls wir wieder in der Wohnung waren, da sind wir dann in das Zimmer gegangen, wo mein Frauchen ihr Schlaflager hat.<br \/>\nDaneben stand ein gro\u00dfes zelt\u00e4hnliches Dingen.<br \/>\nUnd da roch das ganz lecker drin, da bin ich auch gleich reingetapst.<br \/>\nFrauchen hat dann aber die T\u00fcr zu gemacht und da mu\u00dfte ich weinen.<br \/>\nDa hat sich das Frauchen vor die T\u00fcr gesetzt und mich lieb angeschaut und da bin ich immer m\u00fcder geworden und weinen mu\u00dfte ich auch nicht mehr.<br \/>\nDoch dann war da so ein Ger\u00e4usch und ich bin wieder aufgewacht und da mu\u00dfte ich wieder weinen.<br \/>\nNaja, jedenfalls hat sie dann das Zelt in eine andere Richtung gedreht und ihre Hand reingehalten und da war ich dann doch beruhigt und bin endlich richtig eingeschlafen.<br \/>\nIch hab ziemlich schnell bemerkt, da\u00df ich nur nachts ins Zelt gehen brauch und wenn ich dann mal mu\u00df, dann sag ich einfach Bescheid. Kein Problem.<\/p>\n","protected":false},"excerpt":{"rendered":"<p>Freitag, 01. April 2005 &nbsp; &nbsp; Ich bin da! Hallo, ich bin die Svea, genauer gesagt: Svea Zuckerschnute die erste Prinzessin von Iswulf. Sagt zumindest mein Frauchen. Am 08.01.2005 bin ich in Norddeutschland geboren worden. Ich hatte 15 Geschwister, aber &hellip; <a href=\"https:\/\/www.uss-rattler.ch\/nordic-dogs\/?p=100\">Weiterlesen <span class=\"meta-nav\">&rarr;<\/span><\/a><\/p>\n","protected":false},"author":1,"featured_media":0,"comment_status":"closed","ping_status":"open","sticky":false,"template":"","format":"standard","meta":{"footnotes":""},"categories":[55],"tags":[479,481,68],"class_list":["post-100","post","type-post","status-publish","format-standard","hentry","category-tagebuch","tag-husky","tag-svea","tag-welpe"],"_links":{"self":[{"href":"https:\/\/www.uss-rattler.ch\/nordic-dogs\/index.php?rest_route=\/wp\/v2\/posts\/100","targetHints":{"allow":["GET"]}}],"collection":[{"href":"https:\/\/www.uss-rattler.ch\/nordic-dogs\/index.php?rest_route=\/wp\/v2\/posts"}],"about":[{"href":"https:\/\/www.uss-rattler.ch\/nordic-dogs\/index.php?rest_route=\/wp\/v2\/types\/post"}],"author":[{"embeddable":true,"href":"https:\/\/www.uss-rattler.ch\/nordic-dogs\/index.php?rest_route=\/wp\/v2\/users\/1"}],"replies":[{"embeddable":true,"href":"https:\/\/www.uss-rattler.ch\/nordic-dogs\/index.php?rest_route=%2Fwp%2Fv2%2Fcomments&post=100"}],"version-history":[{"count":4,"href":"https:\/\/www.uss-rattler.ch\/nordic-dogs\/index.php?rest_route=\/wp\/v2\/posts\/100\/revisions"}],"predecessor-version":[{"id":149,"href":"https:\/\/www.uss-rattler.ch\/nordic-dogs\/index.php?rest_route=\/wp\/v2\/posts\/100\/revisions\/149"}],"wp:attachment":[{"href":"https:\/\/www.uss-rattler.ch\/nordic-dogs\/index.php?rest_route=%2Fwp%2Fv2%2Fmedia&parent=100"}],"wp:term":[{"taxonomy":"category","embeddable":true,"href":"https:\/\/www.uss-rattler.ch\/nordic-dogs\/index.php?rest_route=%2Fwp%2Fv2%2Fcategories&post=100"},{"taxonomy":"post_tag","embeddable":true,"href":"https:\/\/www.uss-rattler.ch\/nordic-dogs\/index.php?rest_route=%2Fwp%2Fv2%2Ftags&post=100"}],"curies":[{"name":"wp","href":"https:\/\/api.w.org\/{rel}","templated":true}]}}